{"id":2856,"date":"2018-12-30T12:00:15","date_gmt":"2018-12-30T17:00:15","guid":{"rendered":"https:\/\/odanlab.com\/2019\/02\/19\/les-laboratoires-odan-ltee-fait-lacquisition-de-verlyx-pharma-inc\/"},"modified":"2023-12-05T00:42:37","modified_gmt":"2023-12-05T05:42:37","slug":"les-laboratoires-odan-ltee-fait-lacquisition-de-verlyx-pharma-inc","status":"publish","type":"post","link":"https:\/\/odanlab.com\/fr\/2018\/12\/30\/les-laboratoires-odan-ltee-fait-lacquisition-de-verlyx-pharma-inc\/","title":{"rendered":"Les Laboratoires Odan Lt\u00e9e fait l&#8217;acquisition de Verlyx Pharma Inc."},"content":{"rendered":"<p>Non autoris\u00e9 \u00e0 la vente par Sant\u00e9 Canada<\/p>\n<p>30 d\u00e9cembre 2018<\/p>\n<p>Les Laboratoires ODan Lt\u00e9e, une entreprise pharmaceutique canadienne \u00e0 la croissance rapide, est fi\u00e8re d\u2019annoncer son acquisition de Verlyx Pharma Inc. (\u00abVerlyx\u00bb), une soci\u00e9t\u00e9 biopharmaceutique en phase clinique \u00e9tablie \u00e0 Montr\u00e9al, pour le d\u00e9veloppement et la commercialisation de son compos\u00e9 principal, le VLX103 et ses analogues dans GI.<\/p>\n<p>VLX103 et ses analogues semblent \u00eatre potentiellement actifs dans la modulation des voies pathog\u00e8nes impliquant les lipopolysaccharides (LPS) dans les maladies inflammatoires de l&#8217;intestin (MII), en particulier la colite ulc\u00e9reuse (CU), le syndrome du c\u00f4lon irritable (SCI), le SCI-D et les infections cons\u00e9cutives au SCI comme la maladie coeliaque. Par cons\u00e9quent, ces \u00e9tats pathologiques ont \u00e9t\u00e9 s\u00e9lectionn\u00e9s pour l&#8217;exploration pharmacologique des compos\u00e9s Verlyx. Dans ce contexte, 2 analogues de VLX103 ainsi que le compos\u00e9 d&#8217;origine sont propos\u00e9s dans le programme de d\u00e9veloppement pr\u00e9clinique.<\/p>\n<p>\u00abAvec l\u2019acquisition de Verlyx, Odan continue de d\u00e9velopper et de diversifier ses activit\u00e9s de R &amp; D\u00bb, a d\u00e9clar\u00e9 Howard Kaminsky, pr\u00e9sident d\u2019Odan. &#8220;Nous sommes confiants dans le potentiel du VLX103 de Verlyx et de ses analogues \u00e0 \u00eatre profitable \u00e0 l&#8217;avenir pour Odan.&#8221;<\/p>\n","protected":false},"excerpt":{"rendered":"<p>Non autoris\u00e9 \u00e0 la vente par Sant\u00e9 Canada 30 d\u00e9cembre [&hellip;]<\/p>\n","protected":false},"author":1,"featured_media":3225,"comment_status":"open","ping_status":"open","sticky":false,"template":"","format":"standard","meta":{"_exactmetrics_skip_tracking":false,"_exactmetrics_sitenote_active":false,"_exactmetrics_sitenote_note":"","_exactmetrics_sitenote_category":0,"jetpack_post_was_ever_published":false,"_jetpack_newsletter_access":"","_jetpack_dont_email_post_to_subs":false,"_jetpack_newsletter_tier_id":0,"_jetpack_memberships_contains_paywalled_content":false,"_jetpack_memberships_contains_paid_content":false,"footnotes":""},"categories":[63,65],"tags":[],"class_list":["post-2856","post","type-post","status-publish","format-standard","has-post-thumbnail","hentry","category-nouvelles","category-nouvelles-recentes"],"yoast_head":"<!-- This site is optimized with the Yoast SEO plugin v27.0 - https:\/\/yoast.com\/product\/yoast-seo-wordpress\/ -->\n<title>Les Laboratoires Odan Lt\u00e9e fait l&#039;acquisition de Verlyx Pharma Inc. - Odan Laboratories Ltd.<\/title>\n<meta name=\"robots\" content=\"index, follow, max-snippet:-1, max-image-preview:large, max-video-preview:-1\" \/>\n<link rel=\"canonical\" href=\"https:\/\/odanlab.com\/fr\/2018\/12\/30\/les-laboratoires-odan-ltee-fait-lacquisition-de-verlyx-pharma-inc\/\" \/>\n<meta property=\"og:locale\" content=\"fr_FR\" \/>\n<meta property=\"og:type\" content=\"article\" \/>\n<meta property=\"og:title\" content=\"Les Laboratoires Odan Lt\u00e9e fait l&#039;acquisition de Verlyx Pharma Inc. - Odan Laboratories Ltd.\" \/>\n<meta property=\"og:description\" content=\"Non autoris\u00e9 \u00e0 la vente par Sant\u00e9 Canada 30 d\u00e9cembre [&hellip;]\" \/>\n<meta property=\"og:url\" content=\"https:\/\/odanlab.com\/fr\/2018\/12\/30\/les-laboratoires-odan-ltee-fait-lacquisition-de-verlyx-pharma-inc\/\" \/>\n<meta property=\"og:site_name\" content=\"Odan Laboratories Ltd.\" \/>\n<meta property=\"article:publisher\" content=\"https:\/\/www.facebook.com\/odanlab\/\" \/>\n<meta property=\"article:published_time\" content=\"2018-12-30T17:00:15+00:00\" \/>\n<meta property=\"article:modified_time\" content=\"2023-12-05T05:42:37+00:00\" \/>\n<meta property=\"og:image\" content=\"https:\/\/odanlab.com\/wp-content\/uploads\/2018\/12\/logo-verlyx-en_400x400.jpg\" \/>\n\t<meta property=\"og:image:width\" content=\"400\" \/>\n\t<meta property=\"og:image:height\" content=\"400\" \/>\n\t<meta property=\"og:image:type\" content=\"image\/jpeg\" \/>\n<meta name=\"author\" content=\"admin\" \/>\n<meta name=\"twitter:card\" content=\"summary_large_image\" \/>\n<meta name=\"twitter:label1\" content=\"\u00c9crit par\" \/>\n\t<meta name=\"twitter:data1\" content=\"admin\" \/>\n\t<meta name=\"twitter:label2\" content=\"Dur\u00e9e de lecture estim\u00e9e\" \/>\n\t<meta name=\"twitter:data2\" content=\"1 minute\" \/>\n<script type=\"application\/ld+json\" class=\"yoast-schema-graph\">{\"@context\":\"https:\/\/schema.org\",\"@graph\":[{\"@type\":\"Article\",\"@id\":\"https:\/\/odanlab.com\/fr\/2018\/12\/30\/les-laboratoires-odan-ltee-fait-lacquisition-de-verlyx-pharma-inc\/#article\",\"isPartOf\":{\"@id\":\"https:\/\/odanlab.com\/fr\/2018\/12\/30\/les-laboratoires-odan-ltee-fait-lacquisition-de-verlyx-pharma-inc\/\"},\"author\":{\"name\":\"admin\",\"@id\":\"https:\/\/odanlab.com\/#\/schema\/person\/4b2f5193a817b1c7ea6baf31e21a5d5f\"},\"headline\":\"Les Laboratoires Odan Lt\u00e9e fait l&#8217;acquisition de Verlyx Pharma Inc.\",\"datePublished\":\"2018-12-30T17:00:15+00:00\",\"dateModified\":\"2023-12-05T05:42:37+00:00\",\"mainEntityOfPage\":{\"@id\":\"https:\/\/odanlab.com\/fr\/2018\/12\/30\/les-laboratoires-odan-ltee-fait-lacquisition-de-verlyx-pharma-inc\/\"},\"wordCount\":218,\"commentCount\":0,\"image\":{\"@id\":\"https:\/\/odanlab.com\/fr\/2018\/12\/30\/les-laboratoires-odan-ltee-fait-lacquisition-de-verlyx-pharma-inc\/#primaryimage\"},\"thumbnailUrl\":\"https:\/\/odanlab.com\/wp-content\/uploads\/2018\/12\/logo-verlyx-en_400x400.jpg\",\"articleSection\":[\"Nouvelles\",\"Nouvelles r\u00e9centes\"],\"inLanguage\":\"fr-FR\",\"potentialAction\":[{\"@type\":\"CommentAction\",\"name\":\"Comment\",\"target\":[\"https:\/\/odanlab.com\/fr\/2018\/12\/30\/les-laboratoires-odan-ltee-fait-lacquisition-de-verlyx-pharma-inc\/#respond\"]}]},{\"@type\":\"WebPage\",\"@id\":\"https:\/\/odanlab.com\/fr\/2018\/12\/30\/les-laboratoires-odan-ltee-fait-lacquisition-de-verlyx-pharma-inc\/\",\"url\":\"https:\/\/odanlab.com\/fr\/2018\/12\/30\/les-laboratoires-odan-ltee-fait-lacquisition-de-verlyx-pharma-inc\/\",\"name\":\"Les Laboratoires Odan Lt\u00e9e fait l'acquisition de Verlyx Pharma Inc. - Odan Laboratories Ltd.\",\"isPartOf\":{\"@id\":\"https:\/\/odanlab.com\/#website\"},\"primaryImageOfPage\":{\"@id\":\"https:\/\/odanlab.com\/fr\/2018\/12\/30\/les-laboratoires-odan-ltee-fait-lacquisition-de-verlyx-pharma-inc\/#primaryimage\"},\"image\":{\"@id\":\"https:\/\/odanlab.com\/fr\/2018\/12\/30\/les-laboratoires-odan-ltee-fait-lacquisition-de-verlyx-pharma-inc\/#primaryimage\"},\"thumbnailUrl\":\"https:\/\/odanlab.com\/wp-content\/uploads\/2018\/12\/logo-verlyx-en_400x400.jpg\",\"datePublished\":\"2018-12-30T17:00:15+00:00\",\"dateModified\":\"2023-12-05T05:42:37+00:00\",\"author\":{\"@id\":\"https:\/\/odanlab.com\/#\/schema\/person\/4b2f5193a817b1c7ea6baf31e21a5d5f\"},\"breadcrumb\":{\"@id\":\"https:\/\/odanlab.com\/fr\/2018\/12\/30\/les-laboratoires-odan-ltee-fait-lacquisition-de-verlyx-pharma-inc\/#breadcrumb\"},\"inLanguage\":\"fr-FR\",\"potentialAction\":[{\"@type\":\"ReadAction\",\"target\":[\"https:\/\/odanlab.com\/fr\/2018\/12\/30\/les-laboratoires-odan-ltee-fait-lacquisition-de-verlyx-pharma-inc\/\"]}]},{\"@type\":\"ImageObject\",\"inLanguage\":\"fr-FR\",\"@id\":\"https:\/\/odanlab.com\/fr\/2018\/12\/30\/les-laboratoires-odan-ltee-fait-lacquisition-de-verlyx-pharma-inc\/#primaryimage\",\"url\":\"https:\/\/odanlab.com\/wp-content\/uploads\/2018\/12\/logo-verlyx-en_400x400.jpg\",\"contentUrl\":\"https:\/\/odanlab.com\/wp-content\/uploads\/2018\/12\/logo-verlyx-en_400x400.jpg\",\"width\":400,\"height\":400},{\"@type\":\"BreadcrumbList\",\"@id\":\"https:\/\/odanlab.com\/fr\/2018\/12\/30\/les-laboratoires-odan-ltee-fait-lacquisition-de-verlyx-pharma-inc\/#breadcrumb\",\"itemListElement\":[{\"@type\":\"ListItem\",\"position\":1,\"name\":\"Home\",\"item\":\"https:\/\/odanlab.com\/fr\/\"},{\"@type\":\"ListItem\",\"position\":2,\"name\":\"Les Laboratoires Odan Lt\u00e9e fait l&#8217;acquisition de Verlyx Pharma Inc.\"}]},{\"@type\":\"WebSite\",\"@id\":\"https:\/\/odanlab.com\/#website\",\"url\":\"https:\/\/odanlab.com\/\",\"name\":\"Odan Laboratories Ltd.\",\"description\":\"The Leader in Specialty Generic Pharmaceutical Products\",\"potentialAction\":[{\"@type\":\"SearchAction\",\"target\":{\"@type\":\"EntryPoint\",\"urlTemplate\":\"https:\/\/odanlab.com\/?s={search_term_string}\"},\"query-input\":{\"@type\":\"PropertyValueSpecification\",\"valueRequired\":true,\"valueName\":\"search_term_string\"}}],\"inLanguage\":\"fr-FR\"},{\"@type\":\"Person\",\"@id\":\"https:\/\/odanlab.com\/#\/schema\/person\/4b2f5193a817b1c7ea6baf31e21a5d5f\",\"name\":\"admin\",\"image\":{\"@type\":\"ImageObject\",\"inLanguage\":\"fr-FR\",\"@id\":\"https:\/\/odanlab.com\/#\/schema\/person\/image\/\",\"url\":\"https:\/\/secure.gravatar.com\/avatar\/6da20f96d224dc1f03ed3aefa14a8d0a1f1e36d46ea5006561470f5064af7afd?s=96&d=mm&r=g\",\"contentUrl\":\"https:\/\/secure.gravatar.com\/avatar\/6da20f96d224dc1f03ed3aefa14a8d0a1f1e36d46ea5006561470f5064af7afd?s=96&d=mm&r=g\",\"caption\":\"admin\"},\"url\":\"https:\/\/odanlab.com\/fr\/author\/admin\/\"}]}<\/script>\n<!-- \/ Yoast SEO plugin. -->","yoast_head_json":{"title":"Les Laboratoires Odan Lt\u00e9e fait l'acquisition de Verlyx Pharma Inc. - Odan Laboratories Ltd.","robots":{"index":"index","follow":"follow","max-snippet":"max-snippet:-1","max-image-preview":"max-image-preview:large","max-video-preview":"max-video-preview:-1"},"canonical":"https:\/\/odanlab.com\/fr\/2018\/12\/30\/les-laboratoires-odan-ltee-fait-lacquisition-de-verlyx-pharma-inc\/","og_locale":"fr_FR","og_type":"article","og_title":"Les Laboratoires Odan Lt\u00e9e fait l'acquisition de Verlyx Pharma Inc. - Odan Laboratories Ltd.","og_description":"Non autoris\u00e9 \u00e0 la vente par Sant\u00e9 Canada 30 d\u00e9cembre [&hellip;]","og_url":"https:\/\/odanlab.com\/fr\/2018\/12\/30\/les-laboratoires-odan-ltee-fait-lacquisition-de-verlyx-pharma-inc\/","og_site_name":"Odan Laboratories Ltd.","article_publisher":"https:\/\/www.facebook.com\/odanlab\/","article_published_time":"2018-12-30T17:00:15+00:00","article_modified_time":"2023-12-05T05:42:37+00:00","og_image":[{"width":400,"height":400,"url":"https:\/\/odanlab.com\/wp-content\/uploads\/2018\/12\/logo-verlyx-en_400x400.jpg","type":"image\/jpeg"}],"author":"admin","twitter_card":"summary_large_image","twitter_misc":{"\u00c9crit par":"admin","Dur\u00e9e de lecture estim\u00e9e":"1 minute"},"schema":{"@context":"https:\/\/schema.org","@graph":[{"@type":"Article","@id":"https:\/\/odanlab.com\/fr\/2018\/12\/30\/les-laboratoires-odan-ltee-fait-lacquisition-de-verlyx-pharma-inc\/#article","isPartOf":{"@id":"https:\/\/odanlab.com\/fr\/2018\/12\/30\/les-laboratoires-odan-ltee-fait-lacquisition-de-verlyx-pharma-inc\/"},"author":{"name":"admin","@id":"https:\/\/odanlab.com\/#\/schema\/person\/4b2f5193a817b1c7ea6baf31e21a5d5f"},"headline":"Les Laboratoires Odan Lt\u00e9e fait l&#8217;acquisition de Verlyx Pharma Inc.","datePublished":"2018-12-30T17:00:15+00:00","dateModified":"2023-12-05T05:42:37+00:00","mainEntityOfPage":{"@id":"https:\/\/odanlab.com\/fr\/2018\/12\/30\/les-laboratoires-odan-ltee-fait-lacquisition-de-verlyx-pharma-inc\/"},"wordCount":218,"commentCount":0,"image":{"@id":"https:\/\/odanlab.com\/fr\/2018\/12\/30\/les-laboratoires-odan-ltee-fait-lacquisition-de-verlyx-pharma-inc\/#primaryimage"},"thumbnailUrl":"https:\/\/odanlab.com\/wp-content\/uploads\/2018\/12\/logo-verlyx-en_400x400.jpg","articleSection":["Nouvelles","Nouvelles r\u00e9centes"],"inLanguage":"fr-FR","potentialAction":[{"@type":"CommentAction","name":"Comment","target":["https:\/\/odanlab.com\/fr\/2018\/12\/30\/les-laboratoires-odan-ltee-fait-lacquisition-de-verlyx-pharma-inc\/#respond"]}]},{"@type":"WebPage","@id":"https:\/\/odanlab.com\/fr\/2018\/12\/30\/les-laboratoires-odan-ltee-fait-lacquisition-de-verlyx-pharma-inc\/","url":"https:\/\/odanlab.com\/fr\/2018\/12\/30\/les-laboratoires-odan-ltee-fait-lacquisition-de-verlyx-pharma-inc\/","name":"Les Laboratoires Odan Lt\u00e9e fait l'acquisition de Verlyx Pharma Inc. - Odan Laboratories Ltd.","isPartOf":{"@id":"https:\/\/odanlab.com\/#website"},"primaryImageOfPage":{"@id":"https:\/\/odanlab.com\/fr\/2018\/12\/30\/les-laboratoires-odan-ltee-fait-lacquisition-de-verlyx-pharma-inc\/#primaryimage"},"image":{"@id":"https:\/\/odanlab.com\/fr\/2018\/12\/30\/les-laboratoires-odan-ltee-fait-lacquisition-de-verlyx-pharma-inc\/#primaryimage"},"thumbnailUrl":"https:\/\/odanlab.com\/wp-content\/uploads\/2018\/12\/logo-verlyx-en_400x400.jpg","datePublished":"2018-12-30T17:00:15+00:00","dateModified":"2023-12-05T05:42:37+00:00","author":{"@id":"https:\/\/odanlab.com\/#\/schema\/person\/4b2f5193a817b1c7ea6baf31e21a5d5f"},"breadcrumb":{"@id":"https:\/\/odanlab.com\/fr\/2018\/12\/30\/les-laboratoires-odan-ltee-fait-lacquisition-de-verlyx-pharma-inc\/#breadcrumb"},"inLanguage":"fr-FR","potentialAction":[{"@type":"ReadAction","target":["https:\/\/odanlab.com\/fr\/2018\/12\/30\/les-laboratoires-odan-ltee-fait-lacquisition-de-verlyx-pharma-inc\/"]}]},{"@type":"ImageObject","inLanguage":"fr-FR","@id":"https:\/\/odanlab.com\/fr\/2018\/12\/30\/les-laboratoires-odan-ltee-fait-lacquisition-de-verlyx-pharma-inc\/#primaryimage","url":"https:\/\/odanlab.com\/wp-content\/uploads\/2018\/12\/logo-verlyx-en_400x400.jpg","contentUrl":"https:\/\/odanlab.com\/wp-content\/uploads\/2018\/12\/logo-verlyx-en_400x400.jpg","width":400,"height":400},{"@type":"BreadcrumbList","@id":"https:\/\/odanlab.com\/fr\/2018\/12\/30\/les-laboratoires-odan-ltee-fait-lacquisition-de-verlyx-pharma-inc\/#breadcrumb","itemListElement":[{"@type":"ListItem","position":1,"name":"Home","item":"https:\/\/odanlab.com\/fr\/"},{"@type":"ListItem","position":2,"name":"Les Laboratoires Odan Lt\u00e9e fait l&#8217;acquisition de Verlyx Pharma Inc."}]},{"@type":"WebSite","@id":"https:\/\/odanlab.com\/#website","url":"https:\/\/odanlab.com\/","name":"Odan Laboratories Ltd.","description":"The Leader in Specialty Generic Pharmaceutical Products","potentialAction":[{"@type":"SearchAction","target":{"@type":"EntryPoint","urlTemplate":"https:\/\/odanlab.com\/?s={search_term_string}"},"query-input":{"@type":"PropertyValueSpecification","valueRequired":true,"valueName":"search_term_string"}}],"inLanguage":"fr-FR"},{"@type":"Person","@id":"https:\/\/odanlab.com\/#\/schema\/person\/4b2f5193a817b1c7ea6baf31e21a5d5f","name":"admin","image":{"@type":"ImageObject","inLanguage":"fr-FR","@id":"https:\/\/odanlab.com\/#\/schema\/person\/image\/","url":"https:\/\/secure.gravatar.com\/avatar\/6da20f96d224dc1f03ed3aefa14a8d0a1f1e36d46ea5006561470f5064af7afd?s=96&d=mm&r=g","contentUrl":"https:\/\/secure.gravatar.com\/avatar\/6da20f96d224dc1f03ed3aefa14a8d0a1f1e36d46ea5006561470f5064af7afd?s=96&d=mm&r=g","caption":"admin"},"url":"https:\/\/odanlab.com\/fr\/author\/admin\/"}]}},"jetpack_featured_media_url":"https:\/\/odanlab.com\/wp-content\/uploads\/2018\/12\/logo-verlyx-en_400x400.jpg","jetpack_sharing_enabled":true,"jetpack_shortlink":"https:\/\/wp.me\/pahxdx-K4","_links":{"self":[{"href":"https:\/\/odanlab.com\/fr\/wp-json\/wp\/v2\/posts\/2856","targetHints":{"allow":["GET"]}}],"collection":[{"href":"https:\/\/odanlab.com\/fr\/wp-json\/wp\/v2\/posts"}],"about":[{"href":"https:\/\/odanlab.com\/fr\/wp-json\/wp\/v2\/types\/post"}],"author":[{"embeddable":true,"href":"https:\/\/odanlab.com\/fr\/wp-json\/wp\/v2\/users\/1"}],"replies":[{"embeddable":true,"href":"https:\/\/odanlab.com\/fr\/wp-json\/wp\/v2\/comments?post=2856"}],"version-history":[{"count":3,"href":"https:\/\/odanlab.com\/fr\/wp-json\/wp\/v2\/posts\/2856\/revisions"}],"predecessor-version":[{"id":358229,"href":"https:\/\/odanlab.com\/fr\/wp-json\/wp\/v2\/posts\/2856\/revisions\/358229"}],"wp:featuredmedia":[{"embeddable":true,"href":"https:\/\/odanlab.com\/fr\/wp-json\/wp\/v2\/media\/3225"}],"wp:attachment":[{"href":"https:\/\/odanlab.com\/fr\/wp-json\/wp\/v2\/media?parent=2856"}],"wp:term":[{"taxonomy":"category","embeddable":true,"href":"https:\/\/odanlab.com\/fr\/wp-json\/wp\/v2\/categories?post=2856"},{"taxonomy":"post_tag","embeddable":true,"href":"https:\/\/odanlab.com\/fr\/wp-json\/wp\/v2\/tags?post=2856"}],"curies":[{"name":"wp","href":"https:\/\/api.w.org\/{rel}","templated":true}]}}